{"id":1297,"date":"2026-08-07T15:29:00","date_gmt":"2026-08-07T13:29:00","guid":{"rendered":"https:\/\/eusec-culture-ngos.iti-germany.de\/?p=1297"},"modified":"2026-08-07T15:29:00","modified_gmt":"2026-08-07T13:29:00","slug":"open-letter-addressed-to-eu-policymakers-on-the-budget-for-culture-in-agoraeu","status":"publish","type":"post","link":"https:\/\/eusec-culture-ngos.iti-germany.de\/de\/2026\/08\/07\/open-letter-addressed-to-eu-policymakers-on-the-budget-for-culture-in-agoraeu\/","title":{"rendered":"Offener Brief an die politischen Entscheidungstr\u00e4ger:innen der EU zum Kulturhaushalt von AgoraEU"},"content":{"rendered":"<p><img decoding=\"async\" src=\"https:\/\/eusec-culture-ngos.iti-germany.de\/wp-content\/uploads\/2026\/08\/AgoraEU_Letter.png.webp\" alt=\"\" \/><\/p>\n<p><p>Culture Action Europe hat einen offenen Brief an die politischen Entscheidungstr\u00e4ger:innen der EU zur Zukunft von Kreatives Europa im n\u00e4chsten mehrj\u00e4hrigen EU-Haushalt (2028\u20132034) initiiert. Zahlreiche Kulturorganisationen, Netzwerke und Institutionen aus ganz Europa haben den offenen Brief unterzeichnet, der sich f\u00fcr einen st\u00e4rkeren eigenst\u00e4ndigen Kulturbereich im neuen <a href=\"https:\/\/cultureactioneurope.org\/advocacy\/reading-between-the-strands-agoraeu-after-parliament-and-council\/\" target=\"_blank\">AgoraEU-Programm<\/a> einsetzt und am 7. Juli 2026 ver\u00f6ffentlicht wurde.<!--more--><\/p>\n<p><p>Der Brief fordert, dass mindestens 25 % des Budgets des neuen AgoraEU-Programms f\u00fcr dessen Kulturbereich bereitgestellt werden, sowie leichter zug\u00e4ngliche F\u00f6rderverfahren, eine st\u00e4rkere Unterst\u00fctzung der internationalen kulturellen Zusammenarbeit und faire Verg\u00fctungen sowie die soziale Absicherung der Kulturakteure.<\/p>\n<p><p><a href=\"https:\/\/cultureactioneurope.org\/wp-content\/uploads\/2026\/07\/open-letter-AgoraEU-Culture_July-2026.pdf\" target=\"_blank\">Hier kann der Brief nachgelesen werden<\/a>.<\/p>\n<p><p><a href=\"https:\/\/docs.google.com\/forms\/d\/e\/1FAIpQLScscUiBN6rSzTRc6hDlmujf3In2IgZz1TqxIxmFlUBFUOl8lw\/viewform\" target=\"_blank\">Hier den Brief unterzeichnen<\/a>.<\/p>\n<p>\n","protected":false},"excerpt":{"rendered":"<p>Culture Action Europe has initiated an open letter addressed to EU policymakers on the future of Creative Europe in the next long-term EU budget (2028\u20132034). Many cultural organisations, networks, and institutions from across Europe have signed the open letter, which makes the case for a stronger dedicated Culture strand in the new AgoraEU programme and &hellip; <a href=\"https:\/\/eusec-culture-ngos.iti-germany.de\/de\/2026\/08\/07\/open-letter-addressed-to-eu-policymakers-on-the-budget-for-culture-in-agoraeu\/\" class=\"more-link\"><span class=\"screen-reader-text\">\u201eOffener Brief an die politischen Entscheidungstr\u00e4ger:innen der EU zum Kulturhaushalt von AgoraEU\u201c<\/span> weiterlesen<\/a><\/p>\n","protected":false},"author":3,"featured_media":0,"comment_status":"closed","ping_status":"closed","sticky":false,"template":"","format":"standard","meta":{"_jetpack_newsletter_access":"","_jetpack_dont_email_post_to_subs":false,"_jetpack_newsletter_tier_id":0,"_jetpack_memberships_contains_paywalled_content":false,"_jetpack_feature_clip_id":0,"_jetpack_memberships_contains_paid_content":false,"footnotes":"","jetpack_post_was_ever_published":false},"categories":[4],"tags":[],"class_list":["post-1297","post","type-post","status-publish","format-standard","hentry","category-cae"],"translation":{"provider":"WPGlobus","version":"3.0.0","language":"de","enabled_languages":["en","de"],"languages":{"en":{"title":true,"content":true,"excerpt":false},"de":{"title":true,"content":true,"excerpt":false}}},"jetpack_sharing_enabled":true,"jetpack_featured_media_url":"","_links":{"self":[{"href":"https:\/\/eusec-culture-ngos.iti-germany.de\/de\/wp-json\/wp\/v2\/posts\/1297","targetHints":{"allow":["GET"]}}],"collection":[{"href":"https:\/\/eusec-culture-ngos.iti-germany.de\/de\/wp-json\/wp\/v2\/posts"}],"about":[{"href":"https:\/\/eusec-culture-ngos.iti-germany.de\/de\/wp-json\/wp\/v2\/types\/post"}],"author":[{"embeddable":true,"href":"https:\/\/eusec-culture-ngos.iti-germany.de\/de\/wp-json\/wp\/v2\/users\/3"}],"replies":[{"embeddable":true,"href":"https:\/\/eusec-culture-ngos.iti-germany.de\/de\/wp-json\/wp\/v2\/comments?post=1297"}],"version-history":[{"count":7,"href":"https:\/\/eusec-culture-ngos.iti-germany.de\/de\/wp-json\/wp\/v2\/posts\/1297\/revisions"}],"predecessor-version":[{"id":1304,"href":"https:\/\/eusec-culture-ngos.iti-germany.de\/de\/wp-json\/wp\/v2\/posts\/1297\/revisions\/1304"}],"wp:attachment":[{"href":"https:\/\/eusec-culture-ngos.iti-germany.de\/de\/wp-json\/wp\/v2\/media?parent=1297"}],"wp:term":[{"taxonomy":"category","embeddable":true,"href":"https:\/\/eusec-culture-ngos.iti-germany.de\/de\/wp-json\/wp\/v2\/categories?post=1297"},{"taxonomy":"post_tag","embeddable":true,"href":"https:\/\/eusec-culture-ngos.iti-germany.de\/de\/wp-json\/wp\/v2\/tags?post=1297"}],"curies":[{"name":"wp","href":"https:\/\/api.w.org\/{rel}","templated":true}]}}