{"id":1282,"date":"2026-07-02T15:16:21","date_gmt":"2026-07-02T13:16:21","guid":{"rendered":"https:\/\/eusec-culture-ngos.iti-germany.de\/?p=1282"},"modified":"2026-08-10T14:56:31","modified_gmt":"2026-08-10T12:56:31","slug":"culture-action-europe-general-assembly-2026","status":"publish","type":"post","link":"https:\/\/eusec-culture-ngos.iti-germany.de\/de\/2026\/07\/02\/culture-action-europe-general-assembly-2026\/","title":{"rendered":"Culture Action Europe General Assembly 2026"},"content":{"rendered":"<p><img decoding=\"async\" src=\"https:\/\/eusec-culture-ngos.iti-germany.de\/wp-content\/uploads\/2026\/08\/CAE_assembly.png\" alt=\"\" \/><\/p>\n<p><p>Am 25. Juni 2026 fand die diesj\u00e4hrige <a href=\"https:\/\/cultureactioneurope.org\/events\/save-the-date-cae-annual-general-assembly-2026\/\" target=\"_blank\">Mitgliederversammlung von Culture Action Europe (CAE)<\/a> online statt. Im Mittelpunkt standen die Vorstellung der Aktivit\u00e4ten und des Jahresabschlusses 2025, die Verabschiedung des Budgets f\u00fcr 2027 sowie die Weiterentwicklung der strategischen Ausrichtung des europ\u00e4ischen Kulturnetzwerks.<br \/>\nDar\u00fcber hinaus wurden die <a href=\"https:\/\/cultureactioneurope.org\/beyond\/satellite-beyond\/\" target=\"_blank\">BEYOND-Satellites 2026<\/a> vorgestellt und aktuelle Entwicklungen in der kulturpolitischen Interessenvertretung diskutiert.<\/p>\n<p><!--more--><\/p>\n<p>Im Advocacy-Teil stellte CAE unter anderem die Kampagne <a href=\"https:\/\/cultureactioneurope.org\/projects\/name-place-fund\/\" target=\"_blank\">Name Place Fund<\/a> vor, die sich f\u00fcr eine sichtbare Verankerung von Kultur in den politischen Priorit\u00e4ten der Europ\u00e4ischen Union einsetzt.<br \/>\nAu\u00dferdem wurde ein offener Brief zum neu geplanten EU-Programm AgoraEU diskutiert. Ziel der Initiatoren des Briefes ist es, die Bedeutung einer starken und langfristig gesicherten Kulturf\u00f6rderung auf europ\u00e4ischer Ebene hervorzuheben. Ab 2028 soll im Rahmen des Programms AgoraEU Kulturf\u00f6rderung von Seiten der EU stattfinden.<br \/>\nBemerkenswert ist zudem das neue Projekt <a href=\"https:\/\/cultureactioneurope.org\/projects\/alliance-for-socially-engaged-arts-advocacy-partnership\/\" target=\"_blank\">Alliance for Socially Engaged Arts Advocacy Partnership<\/a>, das europaweit Akteur:innen der gesellschaftlich orientierten Kunst vernetzt und gemeinsame Strategien f\u00fcr kulturpolitische Interessenvertretung entwickelt.<\/p>\n<p><p>Ebenfalls vorgestellt wurden aktuelle Entwicklungen der <a href=\"https:\/\/cultureactioneurope.org\/action-groups\/working-conditions\/\" target=\"_blank\">Action Group Working Conditions<\/a>, die sich mit fairen Arbeitsbedingungen und der sozialen Absicherung von Kulturschaffenden befasst.<br \/>\nDie Mitgliederversammlung machte deutlich, wie wichtig die enge Zusammenarbeit europ\u00e4ischer Kulturorganisationen ist, um gemeinsam Positionen auf europ\u00e4ischer Ebene sichtbar zu machen und um den Stellenwert von Kunst und Kultur auch in den politischen Entscheidungsprozessen zu st\u00e4rken.<\/p>\n<p>\n","protected":false},"excerpt":{"rendered":"<p>On 25 June 2026, this year\u2019s General Assembly of Culture Action Europe (CAE) took place online. The meeting focused on the presentation of the organisation\u2019s activities in 2025 and the annual accounts of last year, the approval of the budget for 2027, and the further development of the strategic direction of the European cultural network. &hellip; <a href=\"https:\/\/eusec-culture-ngos.iti-germany.de\/de\/2026\/07\/02\/culture-action-europe-general-assembly-2026\/\" class=\"more-link\"><span class=\"screen-reader-text\">\u201eCulture Action Europe General Assembly 2026\u201c<\/span> weiterlesen<\/a><\/p>\n","protected":false},"author":3,"featured_media":0,"comment_status":"closed","ping_status":"closed","sticky":false,"template":"","format":"standard","meta":{"_jetpack_newsletter_access":"","_jetpack_dont_email_post_to_subs":false,"_jetpack_newsletter_tier_id":0,"_jetpack_memberships_contains_paywalled_content":false,"_jetpack_feature_clip_id":0,"_jetpack_memberships_contains_paid_content":false,"footnotes":"","jetpack_post_was_ever_published":false},"categories":[4],"tags":[],"class_list":["post-1282","post","type-post","status-publish","format-standard","hentry","category-cae"],"translation":{"provider":"WPGlobus","version":"3.0.0","language":"de","enabled_languages":["en","de"],"languages":{"en":{"title":true,"content":true,"excerpt":false},"de":{"title":true,"content":true,"excerpt":false}}},"jetpack_sharing_enabled":true,"jetpack_featured_media_url":"","_links":{"self":[{"href":"https:\/\/eusec-culture-ngos.iti-germany.de\/de\/wp-json\/wp\/v2\/posts\/1282","targetHints":{"allow":["GET"]}}],"collection":[{"href":"https:\/\/eusec-culture-ngos.iti-germany.de\/de\/wp-json\/wp\/v2\/posts"}],"about":[{"href":"https:\/\/eusec-culture-ngos.iti-germany.de\/de\/wp-json\/wp\/v2\/types\/post"}],"author":[{"embeddable":true,"href":"https:\/\/eusec-culture-ngos.iti-germany.de\/de\/wp-json\/wp\/v2\/users\/3"}],"replies":[{"embeddable":true,"href":"https:\/\/eusec-culture-ngos.iti-germany.de\/de\/wp-json\/wp\/v2\/comments?post=1282"}],"version-history":[{"count":11,"href":"https:\/\/eusec-culture-ngos.iti-germany.de\/de\/wp-json\/wp\/v2\/posts\/1282\/revisions"}],"predecessor-version":[{"id":1307,"href":"https:\/\/eusec-culture-ngos.iti-germany.de\/de\/wp-json\/wp\/v2\/posts\/1282\/revisions\/1307"}],"wp:attachment":[{"href":"https:\/\/eusec-culture-ngos.iti-germany.de\/de\/wp-json\/wp\/v2\/media?parent=1282"}],"wp:term":[{"taxonomy":"category","embeddable":true,"href":"https:\/\/eusec-culture-ngos.iti-germany.de\/de\/wp-json\/wp\/v2\/categories?post=1282"},{"taxonomy":"post_tag","embeddable":true,"href":"https:\/\/eusec-culture-ngos.iti-germany.de\/de\/wp-json\/wp\/v2\/tags?post=1282"}],"curies":[{"name":"wp","href":"https:\/\/api.w.org\/{rel}","templated":true}]}}