{"id":1253,"date":"2026-05-08T13:41:40","date_gmt":"2026-05-08T11:41:40","guid":{"rendered":"https:\/\/eusec-culture-ngos.iti-germany.de\/?p=1253"},"modified":"2026-08-10T14:54:49","modified_gmt":"2026-08-10T12:54:49","slug":"cultural-mobility-forum-2026-in-skopje-on-the-move","status":"publish","type":"post","link":"https:\/\/eusec-culture-ngos.iti-germany.de\/de\/2026\/05\/08\/cultural-mobility-forum-2026-in-skopje-on-the-move\/","title":{"rendered":"Cultural Mobility Forum 2026 in Skopje | On the Move"},"content":{"rendered":"<p><img decoding=\"async\" src=\"https:\/\/eusec-culture-ngos.iti-germany.de\/wp-content\/uploads\/2026\/08\/OTM-Skopje.jpg\" alt=\"On The Move Mitglieder, Photo: VidiVamo\" \/><\/p>\n<p>Das 5. Cultural Mobility Forum von <a href=\"https:\/\/www.on-the-move.org\/\">On the Move<\/a> fand am 29. und 30. April 2026 in Skopje statt. Mitveranstaltet von OTMs Mitglied Kooperativa \u2013 Regional Platform for Culture, ein Netzwerk unabh\u00e4ngiger Kunst- und Kulturorganisationen in S\u00fcdosteuropa, stand das Forum unter dem Titel \u201eCultural Mobility Justice&#8220;.<\/p>\n<p><!--more--><\/p>\n<p>\u201aJustice\u2018 bezogen auf \u201aCultural Mobility\u2018 hinterfragt systemische Ungleichheiten, die entscheidend daf\u00fcr sind, wer sich innerhalb der globalen Kulturlandschaft bewegen, kreativ t\u00e4tig sein und daran teilhaben kann. Visabeschr\u00e4nkungen, wirtschaftliche Ungleichheiten, fortbestehende Machtstrukturen schr\u00e4nken die Mobilit\u00e4t von K\u00fcnstler*innen und Kulturschaffenden unverh\u00e4ltnism\u00e4\u00dfig ein. Gleichzeitig fordert \u201aJustice\u2018 alternative Ans\u00e4tze im Zugang zu Ressourcen und den Abbau von institutionellen Barrieren, damit Mobilit\u00e4t zu einem Grundrecht wird und nicht l\u00e4nger ein Privileg bleibt.<br \/>\nDie Podiumsdiskussionen und kleineren Gespr\u00e4chsrunden befassten sich mit diesen systemischen Ungleichheiten und diskutierten, inwiefern Mobilit\u00e4t innerhalb des Kultursektors ein Ungleichgewicht noch verst\u00e4rkt. Neben den Inputs gab es viel Raum f\u00fcr Austausch und Gespr\u00e4che mit Kulturakteur:innen in Skopje, die an ihren Wirkst\u00e4tten besucht wurden und Einblicke in die Kulturszene der Stadt gaben.<\/p>\n<\/p>\n<p>Die in der Ukraine lebende Autorin und Kuratorin Kateryna Lakovlenko fasst in einem <a href=\"https:\/\/on-the-move.org\/resources\/articles\/notes-mobility-and-justice\">Artikel<\/a> Erkenntnisse aus dem Cultural Mobility Forum 2026 zusammen.<br \/>\nCultural Mobility Forum 2026 \u2013 <a href=\"https:\/\/www.youtube.com\/playlist?list=PLaSzZFTitzQb544QWPvFETJ0BYb5G_KG4\">Best Off auf Youtube<\/a>.<\/p>\n<\/p>\n<p>Die Mitgliederversammlung 2026 von On the Move fand im Anschluss an das Forum ebenfalls in Skopje statt; auch die Arbeitsgruppe der Mobility Information Points (MIP) in OTM kam zusammen, um sich in einem ganzt\u00e4tigen Treffen intensiv auszutauschen und zu vernetzen.<\/p>\n","protected":false},"excerpt":{"rendered":"<p>The 5th Cultural Mobility Forum hosted by On the Move took place on 29 and 30 April 2026 in Skopje. Co-organised by OTM member Kooperativa \u2013 Regional Platform for Culture, a network of independent arts and cultural organisations in South-East Europe, the forum was entitled \u201cCultural Mobility Justice\u201d.<\/p>\n","protected":false},"author":3,"featured_media":0,"comment_status":"closed","ping_status":"closed","sticky":false,"template":"","format":"standard","meta":{"_jetpack_newsletter_access":"","_jetpack_dont_email_post_to_subs":false,"_jetpack_newsletter_tier_id":0,"_jetpack_memberships_contains_paywalled_content":false,"_jetpack_feature_clip_id":0,"_jetpack_memberships_contains_paid_content":false,"footnotes":"","jetpack_post_was_ever_published":false},"categories":[4],"tags":[],"class_list":["post-1253","post","type-post","status-publish","format-standard","hentry","category-cae"],"translation":{"provider":"WPGlobus","version":"3.0.0","language":"de","enabled_languages":["en","de"],"languages":{"en":{"title":true,"content":true,"excerpt":false},"de":{"title":true,"content":true,"excerpt":false}}},"jetpack_sharing_enabled":true,"jetpack_featured_media_url":"","_links":{"self":[{"href":"https:\/\/eusec-culture-ngos.iti-germany.de\/de\/wp-json\/wp\/v2\/posts\/1253","targetHints":{"allow":["GET"]}}],"collection":[{"href":"https:\/\/eusec-culture-ngos.iti-germany.de\/de\/wp-json\/wp\/v2\/posts"}],"about":[{"href":"https:\/\/eusec-culture-ngos.iti-germany.de\/de\/wp-json\/wp\/v2\/types\/post"}],"author":[{"embeddable":true,"href":"https:\/\/eusec-culture-ngos.iti-germany.de\/de\/wp-json\/wp\/v2\/users\/3"}],"replies":[{"embeddable":true,"href":"https:\/\/eusec-culture-ngos.iti-germany.de\/de\/wp-json\/wp\/v2\/comments?post=1253"}],"version-history":[{"count":9,"href":"https:\/\/eusec-culture-ngos.iti-germany.de\/de\/wp-json\/wp\/v2\/posts\/1253\/revisions"}],"predecessor-version":[{"id":1305,"href":"https:\/\/eusec-culture-ngos.iti-germany.de\/de\/wp-json\/wp\/v2\/posts\/1253\/revisions\/1305"}],"wp:attachment":[{"href":"https:\/\/eusec-culture-ngos.iti-germany.de\/de\/wp-json\/wp\/v2\/media?parent=1253"}],"wp:term":[{"taxonomy":"category","embeddable":true,"href":"https:\/\/eusec-culture-ngos.iti-germany.de\/de\/wp-json\/wp\/v2\/categories?post=1253"},{"taxonomy":"post_tag","embeddable":true,"href":"https:\/\/eusec-culture-ngos.iti-germany.de\/de\/wp-json\/wp\/v2\/tags?post=1253"}],"curies":[{"name":"wp","href":"https:\/\/api.w.org\/{rel}","templated":true}]}}